{"id":65,"date":"2026-08-28T09:47:58","date_gmt":"2026-08-28T09:47:58","guid":{"rendered":"https:\/\/kiiraaylespatriotes.sn\/?p=65"},"modified":"2026-08-28T09:47:58","modified_gmt":"2026-08-28T09:47:58","slug":"kiiraay-lancement-du-cadre-national-des-enseignants-du-parti-presidentiel","status":"publish","type":"post","link":"https:\/\/kiiraaylespatriotes.sn\/?p=65","title":{"rendered":"Kiiraay : lancement du Cadre national des \u00a0enseignants du parti pr\u00e9sidentiel"},"content":{"rendered":"\n<figure class=\"wp-block-image size-full\"><img loading=\"lazy\" decoding=\"async\" width=\"650\" height=\"351\" src=\"https:\/\/kiiraaylespatriotes.sn\/wp-content\/uploads\/2026\/08\/97615262-67972724.jpg\" alt=\"\" class=\"wp-image-66\" srcset=\"https:\/\/kiiraaylespatriotes.sn\/wp-content\/uploads\/2026\/08\/97615262-67972724.jpg 650w, https:\/\/kiiraaylespatriotes.sn\/wp-content\/uploads\/2026\/08\/97615262-67972724-300x162.jpg 300w\" sizes=\"auto, (max-width: 650px) 100vw, 650px\" \/><\/figure>\n\n\n\n<p class=\"wp-block-paragraph\">Les enseignants proches du pouvoir organisent d\u00e9sormais leur propre relais <a href=\"https:\/\/www.ndarinfo.com\/Kiiraay-lancement-du-Cadre-national-des-enseignants-du-parti-presidentiel_a46119.html#\"><br>\u00a0politique<\/a>. Kiiraay-Les Patriotes R\u00e9publicains vient de se doter d&rsquo;un Cadre national des enseignants, dont la mission affich\u00e9e est de contrer toute forme de d\u00e9sinformation visant le parti pr\u00e9sidentiel.<\/p>\n\n\n\n<p class=\"wp-block-paragraph\">L&rsquo;initiative a \u00e9t\u00e9 officialis\u00e9e hier, quelques semaines seulement apr\u00e8s la naissance de Kiiraay au King Fahd Palace de Dakar, le 25 juillet, formation n\u00e9e de la fusion de 437 partis et mouvements issus de l&rsquo;ex-coalition Diomaye Pr\u00e9sident. Bassirou Sy, responsable des enseignements au sein du parti, a pr\u00e9sent\u00e9 ce nouveau collectif comme bien plus qu&rsquo;un simple regroupement corporatiste. \u00ab Il entend mobiliser les enseignants et enseignantes afin qu&rsquo;ils participent activement \u00e0 l&rsquo;\u00e9laboration d&rsquo;une politique \u00e9ducative favorable \u00e0 la promotion de l&rsquo;excellence et des valeurs r\u00e9publicaines \u00bb, a-t-il expliqu\u00e9.<br><br>Au-del\u00e0 de sa vocation strictement p\u00e9dagogique, le Cne se pr\u00e9sente comme une vigie politique et intellectuelle charg\u00e9e de porter les orientations de souverainet\u00e9 et de justice sociale d\u00e9fendues par Kiiraay, tout en menant un travail de lutte contre la d\u00e9sinformation et de promotion de l&rsquo;excellence acad\u00e9mique \u00e0 l&rsquo;\u00e9chelle nationale et internationale. Ses fondateurs revendiquent une composition large : enseignants, <a href=\"https:\/\/www.ndarinfo.com\/Kiiraay-lancement-du-Cadre-national-des-enseignants-du-parti-presidentiel_a46119.html#\">&nbsp;enseignantes<\/a>, inspecteurs de l&rsquo;enseignement, chercheurs, formateurs et l&rsquo;ensemble des acteurs du secteur \u00e9ducatif partageant cette orientation.<\/p>\n","protected":false},"excerpt":{"rendered":"<p>Les enseignants proches du pouvoir organisent d\u00e9sormais leur propre relais \u00a0politique. Kiiraay-Les Patriotes R\u00e9publicains vient de se doter d&rsquo;un Cadre national des enseignants, dont la mission affich\u00e9e est de contrer toute forme de d\u00e9sinformation visant le parti pr\u00e9sidentiel. L&rsquo;initiative a \u00e9t\u00e9 officialis\u00e9e hier, quelques semaines seulement apr\u00e8s la naissance de Kiiraay au King Fahd Palace [&hellip;]<\/p>\n","protected":false},"author":1,"featured_media":0,"comment_status":"open","ping_status":"open","sticky":false,"template":"","format":"standard","meta":{"footnotes":""},"categories":[1],"tags":[],"class_list":["post-65","post","type-post","status-publish","format-standard","hentry","category-uncategorized"],"_links":{"self":[{"href":"https:\/\/kiiraaylespatriotes.sn\/index.php?rest_route=\/wp\/v2\/posts\/65","targetHints":{"allow":["GET"]}}],"collection":[{"href":"https:\/\/kiiraaylespatriotes.sn\/index.php?rest_route=\/wp\/v2\/posts"}],"about":[{"href":"https:\/\/kiiraaylespatriotes.sn\/index.php?rest_route=\/wp\/v2\/types\/post"}],"author":[{"embeddable":true,"href":"https:\/\/kiiraaylespatriotes.sn\/index.php?rest_route=\/wp\/v2\/users\/1"}],"replies":[{"embeddable":true,"href":"https:\/\/kiiraaylespatriotes.sn\/index.php?rest_route=%2Fwp%2Fv2%2Fcomments&post=65"}],"version-history":[{"count":1,"href":"https:\/\/kiiraaylespatriotes.sn\/index.php?rest_route=\/wp\/v2\/posts\/65\/revisions"}],"predecessor-version":[{"id":67,"href":"https:\/\/kiiraaylespatriotes.sn\/index.php?rest_route=\/wp\/v2\/posts\/65\/revisions\/67"}],"wp:attachment":[{"href":"https:\/\/kiiraaylespatriotes.sn\/index.php?rest_route=%2Fwp%2Fv2%2Fmedia&parent=65"}],"wp:term":[{"taxonomy":"category","embeddable":true,"href":"https:\/\/kiiraaylespatriotes.sn\/index.php?rest_route=%2Fwp%2Fv2%2Fcategories&post=65"},{"taxonomy":"post_tag","embeddable":true,"href":"https:\/\/kiiraaylespatriotes.sn\/index.php?rest_route=%2Fwp%2Fv2%2Ftags&post=65"}],"curies":[{"name":"wp","href":"https:\/\/api.w.org\/{rel}","templated":true}]}}